{"id":959,"date":"2024-07-11T13:41:54","date_gmt":"2024-07-11T13:41:54","guid":{"rendered":"http:\/\/erikasresa.se\/?p=959"},"modified":"2024-07-11T13:41:54","modified_gmt":"2024-07-11T13:41:54","slug":"sommartider","status":"publish","type":"post","link":"http:\/\/erikasresa.se\/?p=959","title":{"rendered":"Sommartider"},"content":{"rendered":"\n<p><strong><em>S\u00e5 har sommaren dragit ig\u00e5ng p\u00e5 allvar h\u00e4r i Buttermuffens hemvist. F\u00f6r lite mer \u00e4n tv\u00e5 veskor sedan s\u00e5 skaffade jag min f\u00f6rsta rej\u00e4la illr\u00f6da solbr\u00e4nna. Just den som jag varje \u00e5r t\u00e4nkt mig att undvika, alltid med samma uteblivna framg\u00e5ng. N\u00e5ja, jag har \u00e4nd\u00e5 lyckats sola till mig en f\u00e4rgnyans mot det bruna vid det h\u00e4r laget. \u00c4nd\u00e5 bra jobbat med tanke p\u00e5 mina k\u00e4ra v\u00e4ninnor d\u00e4r den ena s\u00e4ger booster och den andra solskydd med bister omt\u00e4nksamhet i r\u00f6st och blick.<\/em><\/strong><\/p>\n\n\n\n<p><strong><em>Det blev iaf till att undvika solande under veckorna, finns \u00e4nd\u00e5 en f\u00f6rm\u00e5ga till planering och insikt \u00e4ven hos denna tant. Jag ville absolut inte missa fotbollscupen som gick av stapeln l\u00f6rdagen d\u00e4rp\u00e5. Och NEJ!!! Jag har inte slagit i huvudet eller f\u00f6r\u00e4ndrat min uppfattning om teaterfotbollen, allts\u00e5 den man f\u00e5r se p\u00e5 TV-sportern mm. D\u00e4remot s\u00e5 \u00e4lskar jag att f\u00f6lja min v\u00e4ninnas nyblivna ton\u00e5ring i hans sportande, fotboll p\u00e5 sommaren och hockey p\u00e5 vintern. Fotbollen f\u00f6r min del k\u00e4nns mer som en rolig utflykt, hockeyn d\u00e4remot uj uj uj. Ofta med puls uppemot 200, bitandes i tungan f\u00f6r att inte skrika ut det som poppar upp i huvudet precis d\u00e4r och d\u00e5 i stunden, s\u00e5 \u00e4r det en happening med mer allvar. D\u00e4r vill jag verkligen att det ska g\u00e5 bra, sj\u00e4lvklart med vinst. <\/em><\/strong><\/p>\n\n\n\n<p><strong><em>Helgen d\u00e4rp\u00e5 v\u00e4ntade en helg i Stockholm med tjejerna, det var dags f\u00f6r Alla vi som \u00e4lskar 90-talet p\u00e5 G\u00e4rdet. V\u00e4ldigt roligt och intressant d\u00e5 jag fick det bokstavligt bekr\u00e4ftat att just det decenniet \u00e4r som svart h\u00e5l i mitt liv. Jag har inga s\u00e5na d\u00e4r <\/em><\/strong><b><i>underbar<\/i><\/b><strong><em>a minnen kopplad till n\u00e5n artist eller l\u00e5t, jag k\u00e4nner inte igen mer \u00e4n n\u00e5gra enstaka framtr\u00e4danden under den dagen. Funderar fortfarande \u00f6ver hur det \u00e4r m\u00f6jligt, och hur har jag kunnat undg\u00e5 att veta att min \u00e4lskade stampamusik \u00e4r 90-tals musik. Lyckligt leende hade jag turen att springa p\u00e5 en vattenp\u00f6l \u00e5tminstone p\u00e5 v\u00e4g hem fr\u00e5n G\u00e4rdet. S\u00e5na bara m\u00e5ste det hoppas i.<\/em><\/strong><\/p>\n\n\n\n<p><strong><em>Resten av \u00e5ret k\u00e4nns som inbokad och klar nu, Stockholm \u00e5terigen om n\u00e5n vecka f\u00f6r att tr\u00e4ffa min lilla pojk. Och s\u00e5 v\u00e4ntar jag p\u00e5 att solen ska bekv\u00e4ma sig med att skapa badv\u00e4der igen. Jag vill bada och d\u00e5 menar jag varma sommarbad, inte molniga isbad. Dessutom s\u00e5 beh\u00f6ver solbr\u00e4nnan grundas p\u00e5 ett bra s\u00e4tt, om 47 dagar s\u00e5 \u00e4r en tripp till Grekland inbokad. Aldrig varit i Grekland s\u00e5 det blir en upplevelse som jag ser fram emot.<\/em><\/strong><\/p>\n\n\n\n<p><strong><em>Och senare i h\u00f6st s\u00e5 drar jag till Thailand tv\u00e5 veckor f\u00f6r att bes\u00f6ka en v\u00e4ninna som jag \u00e4ven sk\u00e4mtsamt kallar mormor emellan\u00e5t. Ja ni som f\u00f6ljt mig h\u00e4r k\u00e4nner till min relation till Tessan, det \u00e4r hennes mamma. Vi konstaterade att jag definitivt \u00e4r eljest d\u00e5 jag umg\u00e5s b\u00e5de med mor och dotter separat och tillsammans. K\u00e4nns udda och <\/em><\/strong><b><i>privilegierat<\/i><\/b><strong><em> men \u00e4r man bra ska man ha det bra.<\/em><\/strong><\/p>\n\n\n\n<p><strong><em>Tomten \u00e4r far till alla barnen, den filmen har nog de flesta s\u00e4tt vid det h\u00e4r laget. En av de roligaste och galnaste filmerna jag vet och i december ska jag se den som teater. Kan helt enkelt inte bli fel k\u00e4nner jag, mest troligt s\u00e5 \u00e4r det med heshet och magknip vi l\u00e4mnar den salongen.<\/em><\/strong><\/p>\n","protected":false},"excerpt":{"rendered":"<p>S\u00e5 har sommaren dragit ig\u00e5ng p\u00e5 allvar h\u00e4r i Buttermuffens hemvist. F\u00f6r lite mer \u00e4n tv\u00e5 veskor sedan s\u00e5 skaffade jag min f\u00f6rsta rej\u00e4la illr\u00f6da solbr\u00e4nna. Just den som jag varje \u00e5r t\u00e4nkt mig att undvika, alltid med samma uteblivna framg\u00e5ng. N\u00e5ja, jag har \u00e4nd\u00e5 lyckats sola till mig en f\u00e4rgnyans mot det bruna vid &hellip; <a href=\"http:\/\/erikasresa.se\/?p=959\" class=\"more-link\">Continue reading <span class=\"screen-reader-text\">Sommartider<\/span> <span class=\"meta-nav\">&rarr;<\/span><\/a><\/p>\n","protected":false},"author":1,"featured_media":0,"comment_status":"closed","ping_status":"closed","sticky":false,"template":"","format":"standard","meta":{"footnotes":""},"categories":[1],"tags":[],"class_list":["post-959","post","type-post","status-publish","format-standard","hentry","category-uncategorized"],"_links":{"self":[{"href":"http:\/\/erikasresa.se\/index.php?rest_route=\/wp\/v2\/posts\/959","targetHints":{"allow":["GET"]}}],"collection":[{"href":"http:\/\/erikasresa.se\/index.php?rest_route=\/wp\/v2\/posts"}],"about":[{"href":"http:\/\/erikasresa.se\/index.php?rest_route=\/wp\/v2\/types\/post"}],"author":[{"embeddable":true,"href":"http:\/\/erikasresa.se\/index.php?rest_route=\/wp\/v2\/users\/1"}],"replies":[{"embeddable":true,"href":"http:\/\/erikasresa.se\/index.php?rest_route=%2Fwp%2Fv2%2Fcomments&post=959"}],"version-history":[{"count":1,"href":"http:\/\/erikasresa.se\/index.php?rest_route=\/wp\/v2\/posts\/959\/revisions"}],"predecessor-version":[{"id":960,"href":"http:\/\/erikasresa.se\/index.php?rest_route=\/wp\/v2\/posts\/959\/revisions\/960"}],"wp:attachment":[{"href":"http:\/\/erikasresa.se\/index.php?rest_route=%2Fwp%2Fv2%2Fmedia&parent=959"}],"wp:term":[{"taxonomy":"category","embeddable":true,"href":"http:\/\/erikasresa.se\/index.php?rest_route=%2Fwp%2Fv2%2Fcategories&post=959"},{"taxonomy":"post_tag","embeddable":true,"href":"http:\/\/erikasresa.se\/index.php?rest_route=%2Fwp%2Fv2%2Ftags&post=959"}],"curies":[{"name":"wp","href":"https:\/\/api.w.org\/{rel}","templated":true}]}}